{"id":688,"date":"2025-09-23T20:26:15","date_gmt":"2025-09-23T18:26:15","guid":{"rendered":"https:\/\/et-si-st-lunaire.fr\/?p=688"},"modified":"2025-09-23T20:33:01","modified_gmt":"2025-09-23T18:33:01","slug":"retour-sur-lapres-midi-daccueil-des-nouveaux-membres-de-lassociation-le-13-septembre","status":"publish","type":"post","link":"https:\/\/et-si-st-lunaire.fr\/?p=688","title":{"rendered":"Retour sur l&rsquo;apr\u00e8s-midi d&rsquo;accueil des nouveaux membres de l&rsquo;association, le 13 septembre"},"content":{"rendered":"<div class=\"pgc-sgb-cb wp-block-pgcsimplygalleryblock-justified \" data-gallery-id=\"a5575072\"><div class=\"sgb-preloader\" id=\"pr_a5575072\">\n\t<div class=\"sgb-square\" style=\"background:#d4d4d4\"><\/div>\n\t<div class=\"sgb-square\" style=\"background:#d4d4d4\"><\/div>\n\t<div class=\"sgb-square\" style=\"background:#d4d4d4\"><\/div>\n\t<div class=\"sgb-square\" style=\"background:#d4d4d4\"><\/div><\/div><div class=\"simply-gallery-amp pgc_sgb_slider \"><noscript><div class=\"sgb-gallery\"><div class=\"sgb-item\"><a href=\"https:\/\/et-si-st-lunaire.fr\/?attachment_id=691\" target=\"_blank\"><img decoding=\"async\" alt=\"\" width=\"300\" height=\"225\" loading=\"lazy\" src=\"https:\/\/et-si-st-lunaire.fr\/wp-content\/uploads\/2025\/09\/PHOTO-2025-09-23-15-02-26-300x225.jpg\" srcset=\"https:\/\/et-si-st-lunaire.fr\/wp-content\/uploads\/2025\/09\/PHOTO-2025-09-23-15-02-26-300x225.jpg 300w,https:\/\/et-si-st-lunaire.fr\/wp-content\/uploads\/2025\/09\/PHOTO-2025-09-23-15-02-26-1024x768.jpg 1024w,https:\/\/et-si-st-lunaire.fr\/wp-content\/uploads\/2025\/09\/PHOTO-2025-09-23-15-02-26.jpg 1600w\" sizes=\"auto, 250px\"\/><\/a><\/div><div class=\"sgb-item\"><a href=\"https:\/\/et-si-st-lunaire.fr\/?attachment_id=690\" target=\"_blank\"><img decoding=\"async\" alt=\"\" width=\"300\" height=\"225\" loading=\"lazy\" src=\"https:\/\/et-si-st-lunaire.fr\/wp-content\/uploads\/2025\/09\/PHOTO-2025-09-23-15-03-01-300x225.jpg\" srcset=\"https:\/\/et-si-st-lunaire.fr\/wp-content\/uploads\/2025\/09\/PHOTO-2025-09-23-15-03-01-300x225.jpg 300w,https:\/\/et-si-st-lunaire.fr\/wp-content\/uploads\/2025\/09\/PHOTO-2025-09-23-15-03-01-1024x768.jpg 1024w,https:\/\/et-si-st-lunaire.fr\/wp-content\/uploads\/2025\/09\/PHOTO-2025-09-23-15-03-01.jpg 1600w\" sizes=\"auto, 250px\"\/><\/a><\/div><div class=\"sgb-item\"><a href=\"https:\/\/et-si-st-lunaire.fr\/?attachment_id=689\" target=\"_blank\"><img decoding=\"async\" alt=\"\" width=\"225\" height=\"300\" loading=\"lazy\" src=\"https:\/\/et-si-st-lunaire.fr\/wp-content\/uploads\/2025\/09\/PHOTO-2025-09-23-15-03-39-225x300.jpg\" srcset=\"https:\/\/et-si-st-lunaire.fr\/wp-content\/uploads\/2025\/09\/PHOTO-2025-09-23-15-03-39-225x300.jpg 225w,https:\/\/et-si-st-lunaire.fr\/wp-content\/uploads\/2025\/09\/PHOTO-2025-09-23-15-03-39-768x1024.jpg 768w,https:\/\/et-si-st-lunaire.fr\/wp-content\/uploads\/2025\/09\/PHOTO-2025-09-23-15-03-39.jpg 1200w\" sizes=\"auto, 250px\"\/><\/a><\/div><\/div><\/noscript><\/div><script type=\"application\/json\" class=\"sgb-data\">{\"lastRowFill\":true,\"collectionThumbRecomendedHeight\":150,\"collectionThumbMiniScreenScale\":true,\"externalLink\":false,\"captions\":false,\"collectionThumbSubMenuShare\":false,\"galleryType\":\"pgc_sgb_justified\",\"galleryId\":\"a5575072\",\"images\":[{\"id\":691,\"title\":\"PHOTO-2025-09-23-15-02-26\",\"url\":\"https:\/\/et-si-st-lunaire.fr\/wp-content\/uploads\/2025\/09\/PHOTO-2025-09-23-15-02-26.jpg\",\"link\":\"https:\/\/et-si-st-lunaire.fr\/?attachment_id=691\",\"alt\":\"\",\"description\":\"\",\"caption\":\"\",\"mime\":\"image\/jpeg\",\"type\":\"image\",\"width\":1600,\"height\":1200,\"sizes\":{\"thumbnail\":{\"height\":150,\"width\":150,\"url\":\"https:\/\/et-si-st-lunaire.fr\/wp-content\/uploads\/2025\/09\/PHOTO-2025-09-23-15-02-26-150x150.jpg\",\"orientation\":\"landscape\"},\"medium\":{\"height\":225,\"width\":300,\"url\":\"https:\/\/et-si-st-lunaire.fr\/wp-content\/uploads\/2025\/09\/PHOTO-2025-09-23-15-02-26-300x225.jpg\",\"orientation\":\"landscape\"},\"large\":{\"height\":768,\"width\":1024,\"url\":\"https:\/\/et-si-st-lunaire.fr\/wp-content\/uploads\/2025\/09\/PHOTO-2025-09-23-15-02-26-1024x768.jpg\",\"orientation\":\"landscape\"},\"full\":{\"url\":\"https:\/\/et-si-st-lunaire.fr\/wp-content\/uploads\/2025\/09\/PHOTO-2025-09-23-15-02-26.jpg\",\"height\":1200,\"width\":1600,\"orientation\":\"landscape\"}},\"imageMeta\":{\"aperture\":\"0\",\"credit\":\"\",\"camera\":\"\",\"caption\":\"\",\"created_timestamp\":\"0\",\"copyright\":\"\",\"focal_length\":\"0\",\"iso\":\"0\",\"shutter_speed\":\"0\",\"title\":\"\",\"orientation\":\"0\",\"keywords\":[]},\"meta\":false,\"postlink\":\"https:\/\/et-si-st-lunaire.fr\/?attachment_id=691\"},{\"id\":690,\"title\":\"PHOTO-2025-09-23-15-03-01\",\"url\":\"https:\/\/et-si-st-lunaire.fr\/wp-content\/uploads\/2025\/09\/PHOTO-2025-09-23-15-03-01.jpg\",\"link\":\"https:\/\/et-si-st-lunaire.fr\/?attachment_id=690\",\"alt\":\"\",\"description\":\"\",\"caption\":\"\",\"mime\":\"image\/jpeg\",\"type\":\"image\",\"width\":1600,\"height\":1200,\"sizes\":{\"thumbnail\":{\"height\":150,\"width\":150,\"url\":\"https:\/\/et-si-st-lunaire.fr\/wp-content\/uploads\/2025\/09\/PHOTO-2025-09-23-15-03-01-150x150.jpg\",\"orientation\":\"landscape\"},\"medium\":{\"height\":225,\"width\":300,\"url\":\"https:\/\/et-si-st-lunaire.fr\/wp-content\/uploads\/2025\/09\/PHOTO-2025-09-23-15-03-01-300x225.jpg\",\"orientation\":\"landscape\"},\"large\":{\"height\":768,\"width\":1024,\"url\":\"https:\/\/et-si-st-lunaire.fr\/wp-content\/uploads\/2025\/09\/PHOTO-2025-09-23-15-03-01-1024x768.jpg\",\"orientation\":\"landscape\"},\"full\":{\"url\":\"https:\/\/et-si-st-lunaire.fr\/wp-content\/uploads\/2025\/09\/PHOTO-2025-09-23-15-03-01.jpg\",\"height\":1200,\"width\":1600,\"orientation\":\"landscape\"}},\"imageMeta\":{\"aperture\":\"0\",\"credit\":\"\",\"camera\":\"\",\"caption\":\"\",\"created_timestamp\":\"0\",\"copyright\":\"\",\"focal_length\":\"0\",\"iso\":\"0\",\"shutter_speed\":\"0\",\"title\":\"\",\"orientation\":\"0\",\"keywords\":[]},\"meta\":false,\"postlink\":\"https:\/\/et-si-st-lunaire.fr\/?attachment_id=690\"},{\"id\":689,\"title\":\"PHOTO-2025-09-23-15-03-39\",\"url\":\"https:\/\/et-si-st-lunaire.fr\/wp-content\/uploads\/2025\/09\/PHOTO-2025-09-23-15-03-39.jpg\",\"link\":\"https:\/\/et-si-st-lunaire.fr\/?attachment_id=689\",\"alt\":\"\",\"description\":\"\",\"caption\":\"\",\"mime\":\"image\/jpeg\",\"type\":\"image\",\"width\":1200,\"height\":1600,\"sizes\":{\"thumbnail\":{\"height\":150,\"width\":150,\"url\":\"https:\/\/et-si-st-lunaire.fr\/wp-content\/uploads\/2025\/09\/PHOTO-2025-09-23-15-03-39-150x150.jpg\",\"orientation\":\"landscape\"},\"medium\":{\"height\":300,\"width\":225,\"url\":\"https:\/\/et-si-st-lunaire.fr\/wp-content\/uploads\/2025\/09\/PHOTO-2025-09-23-15-03-39-225x300.jpg\",\"orientation\":\"portrait\"},\"large\":{\"height\":1024,\"width\":768,\"url\":\"https:\/\/et-si-st-lunaire.fr\/wp-content\/uploads\/2025\/09\/PHOTO-2025-09-23-15-03-39-768x1024.jpg\",\"orientation\":\"portrait\"},\"full\":{\"url\":\"https:\/\/et-si-st-lunaire.fr\/wp-content\/uploads\/2025\/09\/PHOTO-2025-09-23-15-03-39.jpg\",\"height\":1600,\"width\":1200,\"orientation\":\"portrait\"}},\"imageMeta\":{\"aperture\":\"0\",\"credit\":\"\",\"camera\":\"\",\"caption\":\"\",\"created_timestamp\":\"0\",\"copyright\":\"\",\"focal_length\":\"0\",\"iso\":\"0\",\"shutter_speed\":\"0\",\"title\":\"\",\"orientation\":\"0\",\"keywords\":[]},\"meta\":false,\"postlink\":\"https:\/\/et-si-st-lunaire.fr\/?attachment_id=689\"}],\"itemsMetaDataCollection\":[]}<\/script><script>(function(){if(window.PGC_SGB && window.PGC_SGB.searcher){window.PGC_SGB.searcher.initBlocks()}})()<\/script><\/div>\n\n\n<p>Aujourd&rsquo;hui, c&rsquo;est Cyrille qui porte la parole du groupe \u00ab\u00a0Accueil des nouveaux adh\u00e9rents\u00a0\u00bb et il le fait avec ma\u00eetrise et bienveillance. R\u00e9unis pour comprendre le fonctionnement de l&rsquo;association, nous avons \u00e9t\u00e9 tr\u00e8s attentifs car peu habitu\u00e9s \u00e0 cette nouvelle donne\u00a0: la d\u00e9mocratie participative, entendue comme la participation des citoyen\u2022nes, \u00e0 apporter des id\u00e9es. Leur synth\u00e8se permettant l&rsquo;\u00e9laboration d&rsquo;un programme qui sera port\u00e9 ensuite par une personne choisie par le collectif. L&rsquo;organisation interne de l&rsquo;association s&rsquo;appuie sur les principes de la \u00ab\u00a0sociocratie\u00a0\u00bb qui favorise l&rsquo;expression de chacun\u2022e dans un climat de respect mutuel, et par la recherche du consentement de tous\u2022tes. Des r\u00e8gles pour prendre la parole nous ont \u00e9t\u00e9 communiqu\u00e9es\u00a0; et nous avons pu nous pr\u00e9senter en indiquant nos motivations, et nos engagements \u00e9ventuels. (<em>distribution de documents, construction du programme, \u00e9laboration d&rsquo;\u00e9v\u00e9nements, accueil de nouvelles personnes<\/em>).<\/p>\n\n\n\n<p><br>Travailler dans ce collectif, pour le bien commun, est une nouvelle aventure qui nous attend, mais parait bien excitante ! Elle sera le r\u00e9sultat de toutes nos exp\u00e9riences.<\/p>\n\n\n\n<p class=\"has-text-align-right\"><em>Karine<\/em><\/p>\n","protected":false},"excerpt":{"rendered":"<p>Aujourd&rsquo;hui, c&rsquo;est Cyrille qui porte la parole du groupe \u00ab\u00a0Accueil des nouveaux adh\u00e9rents\u00a0\u00bb et il le fait avec ma\u00eetrise et bienveillance. R\u00e9unis pour comprendre le fonctionnement de l&rsquo;association, nous avons \u00e9t\u00e9 tr\u00e8s attentifs car peu habitu\u00e9s \u00e0 cette nouvelle donne\u00a0: la d\u00e9mocratie participative, entendue comme la participation des citoyen\u2022nes, \u00e0 apporter des id\u00e9es. Leur synth\u00e8se [&hellip;]<\/p>\n","protected":false},"author":1,"featured_media":690,"comment_status":"closed","ping_status":"closed","sticky":false,"template":"","format":"standard","meta":{"pgc_sgb_lightbox_settings":"","footnotes":""},"categories":[1],"tags":[],"class_list":["post-688","post","type-post","status-publish","format-standard","has-post-thumbnail","hentry","category-non-classe"],"_links":{"self":[{"href":"https:\/\/et-si-st-lunaire.fr\/index.php?rest_route=\/wp\/v2\/posts\/688","targetHints":{"allow":["GET"]}}],"collection":[{"href":"https:\/\/et-si-st-lunaire.fr\/index.php?rest_route=\/wp\/v2\/posts"}],"about":[{"href":"https:\/\/et-si-st-lunaire.fr\/index.php?rest_route=\/wp\/v2\/types\/post"}],"author":[{"embeddable":true,"href":"https:\/\/et-si-st-lunaire.fr\/index.php?rest_route=\/wp\/v2\/users\/1"}],"replies":[{"embeddable":true,"href":"https:\/\/et-si-st-lunaire.fr\/index.php?rest_route=%2Fwp%2Fv2%2Fcomments&post=688"}],"version-history":[{"count":3,"href":"https:\/\/et-si-st-lunaire.fr\/index.php?rest_route=\/wp\/v2\/posts\/688\/revisions"}],"predecessor-version":[{"id":695,"href":"https:\/\/et-si-st-lunaire.fr\/index.php?rest_route=\/wp\/v2\/posts\/688\/revisions\/695"}],"wp:featuredmedia":[{"embeddable":true,"href":"https:\/\/et-si-st-lunaire.fr\/index.php?rest_route=\/wp\/v2\/media\/690"}],"wp:attachment":[{"href":"https:\/\/et-si-st-lunaire.fr\/index.php?rest_route=%2Fwp%2Fv2%2Fmedia&parent=688"}],"wp:term":[{"taxonomy":"category","embeddable":true,"href":"https:\/\/et-si-st-lunaire.fr\/index.php?rest_route=%2Fwp%2Fv2%2Fcategories&post=688"},{"taxonomy":"post_tag","embeddable":true,"href":"https:\/\/et-si-st-lunaire.fr\/index.php?rest_route=%2Fwp%2Fv2%2Ftags&post=688"}],"curies":[{"name":"wp","href":"https:\/\/api.w.org\/{rel}","templated":true}]}}